{"id":38603,"date":"2026-08-31T08:28:17","date_gmt":"2026-08-31T06:28:17","guid":{"rendered":"https:\/\/dolni-cermna.cz\/?p=38603"},"modified":"2026-08-31T08:28:17","modified_gmt":"2026-08-31T06:28:17","slug":"upozorneni-pro-cestujici-autobusovych-linek-904-a-973","status":"publish","type":"post","link":"https:\/\/dolni-cermna.cz\/ms\/upozorneni-pro-cestujici-autobusovych-linek-904-a-973\/","title":{"rendered":"Upozorn\u011bn\u00ed pro cestuj\u00edc\u00ed autobusov\u00fdch linek 904 a 973"},"content":{"rendered":"\n<p>od 1. 9. 2026 bude pro autobusy linek 904 a 973 ukon\u010dena obj\u00ed\u017e\u010fka p\u0159es Hou\u017eovec s t\u00edm, \u017ee vzhledem k pokra\u010duj\u00edc\u00ed uzav\u00edrce u Lan\u0161perku pojedou po m\u00edstn\u00ed komunikaci do Hn\u00e1tnice a pak kolem sl\u00e9v\u00e1rny.<\/p>\n\n\n\n<p>T\u00edm p\u00e1dem ji\u017e budou platit standardn\u00ed j\u00edzdn\u00ed \u0159\u00e1dy, pouze s t\u00edm rozd\u00edlem, \u017ee m\u00edsto zast\u00e1vky &#8222;Hn\u00e1tnice Spojka&#8220; budou zastavovat v zast\u00e1vce &#8222;Hn\u00e1tnice Neb\u00ed\u010dko&#8220; a m\u00edsto &#8222;Doln\u00ed Dobrou\u010d, Lan\u0161perk,\u017eel.zast.&#8220; budou zastavovat v zast\u00e1vce &#8222;Hn\u00e1tnice, u V\u00e1clava&#8220;.<\/p>\n","protected":false},"excerpt":{"rendered":"<p>od 1. 9. 2026 bude pro autobusy linek 904 a 973 ukon\u010dena obj\u00ed\u017e\u010fka p\u0159es Hou\u017eovec s t\u00edm, \u017ee vzhledem k pokra\u010duj\u00edc\u00ed uzav\u00edrce u Lan\u0161perku pojedou po m\u00edstn\u00ed komunikaci do Hn\u00e1tnice a pak kolem sl\u00e9v\u00e1rny. T\u00edm p\u00e1dem ji\u017e budou platit standardn\u00ed &hellip; <a class=\"read-more\" href=\"https:\/\/dolni-cermna.cz\/ms\/upozorneni-pro-cestujici-autobusovych-linek-904-a-973\/\" >\u010c\u00edst d\u00e1le&#8230;<\/a><\/p>\n","protected":false},"author":58,"featured_media":6883,"comment_status":"closed","ping_status":"closed","sticky":false,"template":"","format":"standard","meta":{"footnotes":""},"categories":[33],"tags":[],"_links":{"self":[{"href":"https:\/\/dolni-cermna.cz\/ms\/wp-json\/wp\/v2\/posts\/38603"}],"collection":[{"href":"https:\/\/dolni-cermna.cz\/ms\/wp-json\/wp\/v2\/posts"}],"about":[{"href":"https:\/\/dolni-cermna.cz\/ms\/wp-json\/wp\/v2\/types\/post"}],"author":[{"embeddable":true,"href":"https:\/\/dolni-cermna.cz\/ms\/wp-json\/wp\/v2\/users\/58"}],"replies":[{"embeddable":true,"href":"https:\/\/dolni-cermna.cz\/ms\/wp-json\/wp\/v2\/comments?post=38603"}],"version-history":[{"count":1,"href":"https:\/\/dolni-cermna.cz\/ms\/wp-json\/wp\/v2\/posts\/38603\/revisions"}],"predecessor-version":[{"id":38604,"href":"https:\/\/dolni-cermna.cz\/ms\/wp-json\/wp\/v2\/posts\/38603\/revisions\/38604"}],"wp:featuredmedia":[{"embeddable":true,"href":"https:\/\/dolni-cermna.cz\/ms\/wp-json\/wp\/v2\/media\/6883"}],"wp:attachment":[{"href":"https:\/\/dolni-cermna.cz\/ms\/wp-json\/wp\/v2\/media?parent=38603"}],"wp:term":[{"taxonomy":"category","embeddable":true,"href":"https:\/\/dolni-cermna.cz\/ms\/wp-json\/wp\/v2\/categories?post=38603"},{"taxonomy":"post_tag","embeddable":true,"href":"https:\/\/dolni-cermna.cz\/ms\/wp-json\/wp\/v2\/tags?post=38603"}],"curies":[{"name":"wp","href":"https:\/\/api.w.org\/{rel}","templated":true}]}}