{"id":38577,"date":"2026-08-21T09:40:29","date_gmt":"2026-08-21T07:40:29","guid":{"rendered":"https:\/\/dolni-cermna.cz\/?p=38577"},"modified":"2026-08-21T09:40:29","modified_gmt":"2026-08-21T07:40:29","slug":"den-se-sousedy-2026-dekujeme","status":"publish","type":"post","link":"https:\/\/dolni-cermna.cz\/ms\/den-se-sousedy-2026-dekujeme\/","title":{"rendered":"Den se sousedy 2026 &#8211; D\u011bkujeme !"},"content":{"rendered":"\n<p>Tak to m\u00e1me za sebou.&nbsp;<img loading=\"lazy\" decoding=\"async\" height=\"16\" width=\"16\" src=\"https:\/\/static.xx.fbcdn.net\/images\/emoji.php\/v9\/t6c\/1\/16\/2764.png\" alt=\"\u2764\ufe0f\"><\/p>\n\n\n\n<p>V sobotu se uskute\u010dnil u\u017e 4. ro\u010dn\u00edk Dne se sousedy. Dopoledn\u00ed sportovn\u00ed sout\u011b\u017ee postupn\u011b vyst\u0159\u00eddal pestr\u00fd odpoledn\u00ed program a den vyvrcholil ve\u010dern\u00edmi koncerty kapel Protheus, \u010cechomor a QUIZ. Leto\u0161n\u00edho Dne se z\u00fa\u010dastnili tak\u00e9 na\u0161i dru\u017eebn\u00ed p\u0159\u00e1tel\u00e9 ze slovensk\u00e9 Liptovsk\u00e9 Tepli\u010dky, ma\u010farsk\u00e9ho Kazaru a z polsk\u00e9 Gminy Dzier\u017coni\u00f3w.<\/p>\n\n\n\n<p>4. ro\u010dn\u00edk Dne se sousedy se konal pod z\u00e1\u0161titou hejtmana Pardubick\u00e9ho kraje Martina Netolick\u00e9ho.<\/p>\n\n\n\n<p>D\u011bkujeme v\u0161em, kte\u0159\u00ed p\u0159i\u0161li a byli v sobotu s n\u00e1mi. A\u0165 u\u017e jste s n\u00e1mi str\u00e1vili cel\u00fd den, nebo jen jeho \u010d\u00e1st, jsme r\u00e1di, \u017ee jste byli jeho sou\u010d\u00e1st\u00ed.<\/p>\n\n\n\n<p>Douf\u00e1me, \u017ee jste si Den se sousedy u\u017eili.&nbsp;<img loading=\"lazy\" decoding=\"async\" height=\"16\" width=\"16\" alt=\"\u2764\ufe0f\" src=\"https:\/\/static.xx.fbcdn.net\/images\/emoji.php\/v9\/t6c\/1\/16\/2764.png\"><\/p>\n\n\n\n<p>A pokud si chcete sobotn\u00ed den je\u0161t\u011b jednou p\u0159ipomenout, pod\u00edvejte se na fotografie, kter\u00e9 pro v\u00e1s zachytila Ludmila E\u0161pandrov\u00e1.<\/p>\n\n\n\n<p><a href=\"https:\/\/www.rajce.idnes.cz\/dolnicermna\/album\/den-se-sousedy\">https:\/\/www.rajce.idnes.cz\/dolnicermna\/album\/den-se-sousedy<\/a><\/p>\n","protected":false},"excerpt":{"rendered":"<p>Tak to m\u00e1me za sebou.&nbsp; V sobotu se uskute\u010dnil u\u017e 4. ro\u010dn\u00edk Dne se sousedy. Dopoledn\u00ed sportovn\u00ed sout\u011b\u017ee postupn\u011b vyst\u0159\u00eddal pestr\u00fd odpoledn\u00ed program a den vyvrcholil ve\u010dern\u00edmi koncerty kapel Protheus, \u010cechomor a QUIZ. Leto\u0161n\u00edho Dne se z\u00fa\u010dastnili tak\u00e9 na\u0161i dru\u017eebn\u00ed &hellip; <a class=\"read-more\" href=\"https:\/\/dolni-cermna.cz\/ms\/den-se-sousedy-2026-dekujeme\/\" >\u010c\u00edst d\u00e1le&#8230;<\/a><\/p>\n","protected":false},"author":58,"featured_media":6893,"comment_status":"closed","ping_status":"closed","sticky":false,"template":"","format":"standard","meta":{"footnotes":""},"categories":[33],"tags":[],"_links":{"self":[{"href":"https:\/\/dolni-cermna.cz\/ms\/wp-json\/wp\/v2\/posts\/38577"}],"collection":[{"href":"https:\/\/dolni-cermna.cz\/ms\/wp-json\/wp\/v2\/posts"}],"about":[{"href":"https:\/\/dolni-cermna.cz\/ms\/wp-json\/wp\/v2\/types\/post"}],"author":[{"embeddable":true,"href":"https:\/\/dolni-cermna.cz\/ms\/wp-json\/wp\/v2\/users\/58"}],"replies":[{"embeddable":true,"href":"https:\/\/dolni-cermna.cz\/ms\/wp-json\/wp\/v2\/comments?post=38577"}],"version-history":[{"count":1,"href":"https:\/\/dolni-cermna.cz\/ms\/wp-json\/wp\/v2\/posts\/38577\/revisions"}],"predecessor-version":[{"id":38578,"href":"https:\/\/dolni-cermna.cz\/ms\/wp-json\/wp\/v2\/posts\/38577\/revisions\/38578"}],"wp:featuredmedia":[{"embeddable":true,"href":"https:\/\/dolni-cermna.cz\/ms\/wp-json\/wp\/v2\/media\/6893"}],"wp:attachment":[{"href":"https:\/\/dolni-cermna.cz\/ms\/wp-json\/wp\/v2\/media?parent=38577"}],"wp:term":[{"taxonomy":"category","embeddable":true,"href":"https:\/\/dolni-cermna.cz\/ms\/wp-json\/wp\/v2\/categories?post=38577"},{"taxonomy":"post_tag","embeddable":true,"href":"https:\/\/dolni-cermna.cz\/ms\/wp-json\/wp\/v2\/tags?post=38577"}],"curies":[{"name":"wp","href":"https:\/\/api.w.org\/{rel}","templated":true}]}}