{"id":38572,"date":"2026-08-20T13:13:10","date_gmt":"2026-08-20T11:13:10","guid":{"rendered":"https:\/\/dolni-cermna.cz\/?p=38572"},"modified":"2026-08-20T13:59:27","modified_gmt":"2026-08-20T11:59:27","slug":"nabidka-pronajmu-4-bytovych-jednotek","status":"publish","type":"post","link":"https:\/\/dolni-cermna.cz\/ms\/nabidka-pronajmu-4-bytovych-jednotek\/","title":{"rendered":"Nab\u00eddka pron\u00e1jmu 4 bytov\u00fdch jednotek"},"content":{"rendered":"\n<figure class=\"wp-block-image size-large\"><img loading=\"lazy\" decoding=\"async\" width=\"724\" height=\"1024\" src=\"https:\/\/dolni-cermna.cz\/wp-content\/uploads\/2026\/08\/Nabidka-pronajmu-4-bytovych-jednotek-1-724x1024.jpg\" alt=\"\" class=\"wp-image-38573\" srcset=\"https:\/\/dolni-cermna.cz\/wp-content\/uploads\/2026\/08\/Nabidka-pronajmu-4-bytovych-jednotek-1-724x1024.jpg 724w, https:\/\/dolni-cermna.cz\/wp-content\/uploads\/2026\/08\/Nabidka-pronajmu-4-bytovych-jednotek-1-212x300.jpg 212w, https:\/\/dolni-cermna.cz\/wp-content\/uploads\/2026\/08\/Nabidka-pronajmu-4-bytovych-jednotek-1-768x1086.jpg 768w, https:\/\/dolni-cermna.cz\/wp-content\/uploads\/2026\/08\/Nabidka-pronajmu-4-bytovych-jednotek-1-1086x1536.jpg 1086w, https:\/\/dolni-cermna.cz\/wp-content\/uploads\/2026\/08\/Nabidka-pronajmu-4-bytovych-jednotek-1-640x905.jpg 640w, https:\/\/dolni-cermna.cz\/wp-content\/uploads\/2026\/08\/Nabidka-pronajmu-4-bytovych-jednotek-1-1024x1448.jpg 1024w, https:\/\/dolni-cermna.cz\/wp-content\/uploads\/2026\/08\/Nabidka-pronajmu-4-bytovych-jednotek-1.jpg 1190w\" sizes=\"(max-width: 724px) 100vw, 724px\" \/><\/figure>\n\n\n\n<figure class=\"wp-block-image size-large\"><img loading=\"lazy\" decoding=\"async\" width=\"724\" height=\"1024\" src=\"https:\/\/dolni-cermna.cz\/wp-content\/uploads\/2026\/08\/Nabidka-pronajmu-4-bytovych-jednotek-2-724x1024.jpg\" alt=\"\" class=\"wp-image-38574\" srcset=\"https:\/\/dolni-cermna.cz\/wp-content\/uploads\/2026\/08\/Nabidka-pronajmu-4-bytovych-jednotek-2-724x1024.jpg 724w, https:\/\/dolni-cermna.cz\/wp-content\/uploads\/2026\/08\/Nabidka-pronajmu-4-bytovych-jednotek-2-212x300.jpg 212w, https:\/\/dolni-cermna.cz\/wp-content\/uploads\/2026\/08\/Nabidka-pronajmu-4-bytovych-jednotek-2-768x1086.jpg 768w, https:\/\/dolni-cermna.cz\/wp-content\/uploads\/2026\/08\/Nabidka-pronajmu-4-bytovych-jednotek-2-1086x1536.jpg 1086w, https:\/\/dolni-cermna.cz\/wp-content\/uploads\/2026\/08\/Nabidka-pronajmu-4-bytovych-jednotek-2-640x905.jpg 640w, https:\/\/dolni-cermna.cz\/wp-content\/uploads\/2026\/08\/Nabidka-pronajmu-4-bytovych-jednotek-2-1024x1448.jpg 1024w, https:\/\/dolni-cermna.cz\/wp-content\/uploads\/2026\/08\/Nabidka-pronajmu-4-bytovych-jednotek-2.jpg 1190w\" sizes=\"(max-width: 724px) 100vw, 724px\" \/><\/figure>\n","protected":false},"excerpt":{"rendered":"","protected":false},"author":58,"featured_media":5269,"comment_status":"closed","ping_status":"closed","sticky":true,"template":"","format":"standard","meta":{"footnotes":""},"categories":[33],"tags":[],"_links":{"self":[{"href":"https:\/\/dolni-cermna.cz\/ms\/wp-json\/wp\/v2\/posts\/38572"}],"collection":[{"href":"https:\/\/dolni-cermna.cz\/ms\/wp-json\/wp\/v2\/posts"}],"about":[{"href":"https:\/\/dolni-cermna.cz\/ms\/wp-json\/wp\/v2\/types\/post"}],"author":[{"embeddable":true,"href":"https:\/\/dolni-cermna.cz\/ms\/wp-json\/wp\/v2\/users\/58"}],"replies":[{"embeddable":true,"href":"https:\/\/dolni-cermna.cz\/ms\/wp-json\/wp\/v2\/comments?post=38572"}],"version-history":[{"count":1,"href":"https:\/\/dolni-cermna.cz\/ms\/wp-json\/wp\/v2\/posts\/38572\/revisions"}],"predecessor-version":[{"id":38575,"href":"https:\/\/dolni-cermna.cz\/ms\/wp-json\/wp\/v2\/posts\/38572\/revisions\/38575"}],"wp:featuredmedia":[{"embeddable":true,"href":"https:\/\/dolni-cermna.cz\/ms\/wp-json\/wp\/v2\/media\/5269"}],"wp:attachment":[{"href":"https:\/\/dolni-cermna.cz\/ms\/wp-json\/wp\/v2\/media?parent=38572"}],"wp:term":[{"taxonomy":"category","embeddable":true,"href":"https:\/\/dolni-cermna.cz\/ms\/wp-json\/wp\/v2\/categories?post=38572"},{"taxonomy":"post_tag","embeddable":true,"href":"https:\/\/dolni-cermna.cz\/ms\/wp-json\/wp\/v2\/tags?post=38572"}],"curies":[{"name":"wp","href":"https:\/\/api.w.org\/{rel}","templated":true}]}}