{"id":38561,"date":"2026-08-19T09:58:15","date_gmt":"2026-08-19T07:58:15","guid":{"rendered":"https:\/\/dolni-cermna.cz\/?p=38561"},"modified":"2026-08-19T09:58:15","modified_gmt":"2026-08-19T07:58:15","slug":"docasna-zmena-hodin-pro-verejnost-provozovny-561-53-dolni-cermna","status":"publish","type":"post","link":"https:\/\/dolni-cermna.cz\/ms\/docasna-zmena-hodin-pro-verejnost-provozovny-561-53-dolni-cermna\/","title":{"rendered":"Do\u010dasn\u00e1 zm\u011bna hodin pro ve\u0159ejnost provozovny 561 53 Doln\u00ed \u010cermn\u00e1."},"content":{"rendered":"\n<p><strong>Rozsah hodin pro ve\u0159ejnost bude omezen na nezbytn\u011b nutnou dobu<\/strong> <strong><u>ve dnech 4.9. &#8211; 16.9.2026<\/u> z provozn\u00edch d\u016fvod\u016f.<\/strong><\/p>\n\n\n\n<p><strong>Upraven\u00e1 otev\u00edrac\u00ed doba provozovny:<\/strong><\/p>\n\n\n\n<figure class=\"wp-block-table\"><table><tbody><tr><td>Den v t\u00fddnu<\/td><td>Standardn\u00ed HpV<\/td><td>Do\u010dasn\u00e9 HpV<\/td><\/tr><tr><td>Pond\u011bl\u00ed<\/td><td>10:00-12:00, 13:00-18:00<\/td><td>13:00-17:00<\/td><\/tr><tr><td>\u00dater\u00fd<\/td><td>08:00-12:00<\/td><td>08:00-11:00<\/td><\/tr><tr><td>St\u0159eda<\/td><td>11:00-12:00, 13:00-18:00<\/td><td>13:00-17:00<\/td><\/tr><tr><td>\u010ctvrtek<\/td><td>08:00-12:00<\/td><td>08:00-11:00<\/td><\/tr><tr><td>P\u00e1tek<\/td><td>08:00-12:00<\/td><td>08:00-11:00<\/td><\/tr><tr><td>Sobota<\/td><td>ZAV\u0158ENO<\/td><td>ZAV\u0158ENO<\/td><\/tr><tr><td>Ned\u011ble<\/td><td>ZAV\u0158ENO<\/td><td>ZAV\u0158ENO<\/td><\/tr><\/tbody><\/table><\/figure>\n","protected":false},"excerpt":{"rendered":"<p>Rozsah hodin pro ve\u0159ejnost bude omezen na nezbytn\u011b nutnou dobu ve dnech 4.9. &#8211; 16.9.2026 z provozn\u00edch d\u016fvod\u016f. Upraven\u00e1 otev\u00edrac\u00ed doba provozovny: Den v t\u00fddnu Standardn\u00ed HpV Do\u010dasn\u00e9 HpV Pond\u011bl\u00ed 10:00-12:00, 13:00-18:00 13:00-17:00 \u00dater\u00fd 08:00-12:00 08:00-11:00 St\u0159eda 11:00-12:00, 13:00-18:00 13:00-17:00 &hellip; <a class=\"read-more\" href=\"https:\/\/dolni-cermna.cz\/ms\/docasna-zmena-hodin-pro-verejnost-provozovny-561-53-dolni-cermna\/\" >\u010c\u00edst d\u00e1le&#8230;<\/a><\/p>\n","protected":false},"author":58,"featured_media":15238,"comment_status":"closed","ping_status":"closed","sticky":false,"template":"","format":"standard","meta":{"footnotes":""},"categories":[33],"tags":[],"_links":{"self":[{"href":"https:\/\/dolni-cermna.cz\/ms\/wp-json\/wp\/v2\/posts\/38561"}],"collection":[{"href":"https:\/\/dolni-cermna.cz\/ms\/wp-json\/wp\/v2\/posts"}],"about":[{"href":"https:\/\/dolni-cermna.cz\/ms\/wp-json\/wp\/v2\/types\/post"}],"author":[{"embeddable":true,"href":"https:\/\/dolni-cermna.cz\/ms\/wp-json\/wp\/v2\/users\/58"}],"replies":[{"embeddable":true,"href":"https:\/\/dolni-cermna.cz\/ms\/wp-json\/wp\/v2\/comments?post=38561"}],"version-history":[{"count":1,"href":"https:\/\/dolni-cermna.cz\/ms\/wp-json\/wp\/v2\/posts\/38561\/revisions"}],"predecessor-version":[{"id":38562,"href":"https:\/\/dolni-cermna.cz\/ms\/wp-json\/wp\/v2\/posts\/38561\/revisions\/38562"}],"wp:featuredmedia":[{"embeddable":true,"href":"https:\/\/dolni-cermna.cz\/ms\/wp-json\/wp\/v2\/media\/15238"}],"wp:attachment":[{"href":"https:\/\/dolni-cermna.cz\/ms\/wp-json\/wp\/v2\/media?parent=38561"}],"wp:term":[{"taxonomy":"category","embeddable":true,"href":"https:\/\/dolni-cermna.cz\/ms\/wp-json\/wp\/v2\/categories?post=38561"},{"taxonomy":"post_tag","embeddable":true,"href":"https:\/\/dolni-cermna.cz\/ms\/wp-json\/wp\/v2\/tags?post=38561"}],"curies":[{"name":"wp","href":"https:\/\/api.w.org\/{rel}","templated":true}]}}